{"id":46,"date":"0209-01-24T13:09:45","date_gmt":"0209-01-24T12:09:45","guid":{"rendered":"http:\/\/www.ruedi-t3.de\/wordpress\/?p=46"},"modified":"2015-03-13T10:50:52","modified_gmt":"2015-03-13T09:50:52","slug":"aus-einem-tag-mit-dem-syncro-oder-papa-ist-peinlich","status":"publish","type":"post","link":"https:\/\/www.ruedi-t3.de\/?p=46","title":{"rendered":"Aus einem Tag mit dem Syncro oder Papa ist peinlich"},"content":{"rendered":"<p><strong><em>Papa ,du bist peinlich \u2013Geschichten einer 14-j\u00e4hrigen, deren Vater ein VW Busfahrer ist<\/em><\/strong><\/p>\n<p>&nbsp;<\/p>\n<p>&nbsp;<\/p>\n<p>In meinem Alter ist alles peinlich, was die Erwachsenen machen, doch am schlimmsten ist mein Papa, der ist <strong>wirklich<\/strong> peinlich. Immer habe ich das Gef\u00fchl, das neben mir ein kleiner Junge steht und nicht ein erwachsener Mann.<\/p>\n<p>Er ist einfach peinlich und das wei\u00df er auch und das alles macht es noch viel schlimmer, besonders dann, wenn er mich damit \u00e4rgert.<\/p>\n<p>Das liegt an seinem Hobby, den VW-Bussen. Wenn er sich nicht den blauen schicken Bus (mein absolutes Lieblingsauto von ihm neben seiner Doka) gekauft h\u00e4tte, was w\u00e4re dann heute?<\/p>\n<p><a href=\"http:\/\/www.ruedi-t3.de\/wordpress\/wp-content\/uploads\/2010\/06\/Automuseum06-067d.jpg\"><img loading=\"lazy\" class=\"alignleft size-thumbnail wp-image-47\" title=\"Automuseum06-067d\" src=\"http:\/\/www.ruedi-t3.de\/wordpress\/wp-content\/uploads\/2010\/06\/Automuseum06-067d-150x150.jpg\" alt=\"\" width=\"150\" height=\"150\" \/><\/a><\/p>\n<p>Da er sich aber nun den Bus gekauft hat und ihn nicht mehr hergeben will, muss ich es ertragen, dass mein Papa immer als erstes unter die Autos guckt.<a href=\"http:\/\/www.ruedi-t3.de\/wordpress\/wp-content\/uploads\/2010\/06\/DSCF2104.jpg\"><img loading=\"lazy\" class=\"alignright size-thumbnail wp-image-54\" title=\"DSCF2104\" src=\"http:\/\/www.ruedi-t3.de\/wordpress\/wp-content\/uploads\/2010\/06\/DSCF2104-150x150.jpg\" alt=\"\" width=\"150\" height=\"150\" \/><\/a><\/p>\n<p>Au\u00dferdem bekommt er immer dieses merkw\u00fcrdige Glitzern in den Augen, wenn er einen Bus sieht.<\/p>\n<p>Immerhin wei\u00df ich jetzt, was ein Wasserboxer, ein Diesel, ein Allradgetriebe usw. ist.<\/p>\n<p>Letztens habe ich einen tollen Kapuzenpulli von meinem Papa bekommen, er besitzt ja einen wo drauf steht \u201eSyncro \u2013 ich stecke da, wo andere nicht hinkommen\u201c. Nun ja, da ich noch minderj\u00e4hrig bin und somit noch keinen F\u00fchrerschein habe, wurde der Spruch extra f\u00fcr mich ge\u00e4ndert: \u201ePapa ist peinlich \u2013aber Syncro fahren ist trotzdem cool!\u201c<\/p>\n<p>Alle in meiner Schule haben mich nat\u00fcrlich damit aufgezogen, als ich das erste Mal mit meinem Pulli ankam. Doch sie haben keine Ahnung, was\u00b4n Syncro ist! Ich mein &#8211; Hallo?! Das wei\u00df auch schon mein kleiner siebenj\u00e4hriger Bruder! Tja,&#8230;all diese unwissenden Menschen sind zu bemitleiden, denn wer nicht wei\u00df, was ein Syncro ist, verpasst wirklich etwas. Echt jetzt!<\/p>\n<p>&nbsp;<\/p>\n<p>Ich war bis jetzt schon auf einigen Treffen und das Gute daran ist, dass man neben meist v\u00f6llig verr\u00fcckten und doch liebenswerten Erwachsenen auch Orte und St\u00e4dte kennenlernt, die ich vermutlich ohne solch ein Bus-Treffen nie besucht h\u00e4tte.<a href=\"http:\/\/www.ruedi-t3.de\/wordpress\/wp-content\/uploads\/2010\/06\/braunschweig-08-10.06.07-047.jpg\"><img loading=\"lazy\" class=\"alignright size-thumbnail wp-image-53\" title=\"braunschweig 08-10.06.07 047\" src=\"http:\/\/www.ruedi-t3.de\/wordpress\/wp-content\/uploads\/2010\/06\/braunschweig-08-10.06.07-047-150x150.jpg\" alt=\"\" width=\"150\" height=\"150\" \/><\/a><\/p>\n<p>Es ist auch immer sehr am\u00fcsant zu beobachten, wie die Leute auf Papas Doka reagieren, wenn wir mit ihr durch St\u00e4dte fahren. Sie bleiben auf der Stra\u00dfe mit offenem Mund stehen und einigen fallen fast die Augen raus.<\/p>\n<p>Dazu f\u00e4llt mir prompt eine Situation ein, welche wirklich witzig ist. Ich m\u00f6chte es gerne hier und jetzt erz\u00e4hlen, also\u2026.<\/p>\n<p>Es war einmal\u2026.<strong>Halt stopp, anhalten. So f\u00e4ngt doch keine Doka-Geschichte an<\/strong>!!!! Ich habe eindeutig zu viele M\u00e4rchen gelesen. Das m\u00fcssen wir ein wenig anders formulieren.<\/p>\n<p>Also, nochmal.<\/p>\n<p>Es ist Sommer, die W\u00e4rme bringt einem um und in Papas Wohnung ist es wie in einem Backofen. Meine Br\u00fcder haben schlechte Laune und quengeln, dass sie baden gehen, Eis essen wollen, \u00fcberhaupt Spa\u00df haben m\u00f6chten und nicht drinnen bleiben. Papa und Jane sehen das genauso und eh man es sich versieht, sind 1-2-3 die Sachen in die Doka verfrachtet und man sitzt im Syncro und freut sich.<\/p>\n<p>Wir fahren nach Pankow. Dort gibt es 2 Seen &#8211; der eine ist \u00f6ffentlich, der andere eigentlich nicht. Und eigentlich soll man das Auto abstellen und zum See laufen. Aber was macht Papa? Er grinst breit und f\u00e4hrt direkt zu dem nicht \u00f6ffentlichen See einen nicht vorhandenen Weg herunter, an all den verdutzten Leuten vorbei. Ich st\u00f6hne nur auf: \u201awie peinlich\u2026.\u2019.<\/p>\n<p>Wir hoppeln, h\u00fcpfen und sch\u00fctteln \u00fcber den unebenen Boden und ich erwarte sehns\u00fcchtig das Ende der Fahrt, denn bei jedem gro\u00dfen Hindernis, welches wir \u00fcberfahren (halbe Baumst\u00e4mme, Erdhaufen etc.), schlage ich mit dem Kopf hinten an das Metall an. Bennet und Lucas johlen und kreischen, mir ist kotz\u00fcbel und am liebsten w\u00fcrde ich laufen.<\/p>\n<p>Aber es gibt noch ein viel gr\u00f6\u00dferes Problem. Wir m\u00fcssen einen sehr steilen Berg herunter fahren, um an den zweiten See zu kommen. Als man den Abhang sieht, setzt mein Herzschlag aus und ich kralle mich in das Polster der R\u00fcckbank und kneife meine Augen fest zu.<\/p>\n<p>Bennet stichelt rum, dass ich ein Angsthase bin &#8211; habe ich ja noch nie abgestritten. Endlich h\u00f6re ich, wie Papa anh\u00e4lt und \u00f6ffne vorsichtig die Augen. Hmm, anscheinend sind wir jetzt da\u2026vor mir liegt der See. Das Wasser ist kalt und somit unglaublich angenehm.<a href=\"http:\/\/www.ruedi-t3.de\/wordpress\/wp-content\/uploads\/2010\/06\/36100026.jpg\"><img loading=\"lazy\" class=\"aligncenter size-thumbnail wp-image-51\" title=\"36100026\" src=\"http:\/\/www.ruedi-t3.de\/wordpress\/wp-content\/uploads\/2010\/06\/36100026-150x150.jpg\" alt=\"\" width=\"150\" height=\"150\" \/><\/a><\/p>\n<p>Doch ich habe noch ein weiteres Problem &#8211; \u00a0ich bin komplett in Schwarz gekleidet und die Sonne strahlt vom Himmel herab, als wolle sie einen neuen Weltrekord brechen. Ich st\u00f6hne auf und Jane sieht mich bemitleidend an. Papa fragt nur geh\u00e4ssig: \u201eNa schwitzt du?\u201c Ich sehe ihn \u00e4rgerlich an und sch\u00fcttle den Kopf: \u201eN-nein \u00fcberhaupt nicht\u2026\u201c<\/p>\n<p>Zum Gl\u00fcck hat Jane ein extra T-Shirt dabei. Das wechsle ich dann schnell.<\/p>\n<p>Wir verbringen dort einen sch\u00f6nen Nachmittag, grillen und genie\u00dfen den Sommer. Doch dann wird es Zeit, nach Hause fahren.<\/p>\n<p>Also alle Sachen wieder eingepackt und losgetuckelt. Dieses Mal nehmen wir allerdings nicht den Berg, sehr zu meiner Freunde, sondern fahren anders rum, sehr zu meiner sp\u00e4teren Unfreude&#8230;<\/p>\n<p>Denn was ich nicht wei\u00df, ist, dass wir so durch den FKK Bereich m\u00fcssen. Es ist jedoch schon zu sp\u00e4t, um zu protestieren. Alle starren uns an &#8211; einige stehen sogar auf\u2026ich w\u00fcrde am liebsten im Boden versinken. Ich kann gar nicht beschreiben, wie peinlich mir das ist.<\/p>\n<p>Meine Br\u00fcder winken noch, na aber jetzt schl\u00e4gt\u2019s 13!<\/p>\n<p>Papa sitzt, mit seiner Sonnenbrille hinterm Lenkrad und grinst sich einen ab. Es scheint mir so, als w\u00fcrde er besonders langsam fahren. Ich bete zu Gott, dass er macht, dass Papa schneller f\u00e4hrt.<\/p>\n<p>Und oh, ein Wunder, Papa legt zu\u2026um 2 km\/h\u2026Es kommt mir vor wie eine halbe Ewigkeit, bis das Ende des FKK-Strands in Sicht ist.<\/p>\n<p>Vor meiner Nase taucht ein H\u00fcgel auf und ich schlie\u00dfe lieber schon mal vorsorglich die Augen, sicher ist sicher. Ich sp\u00fcre wie Papa aufs Gas dr\u00fcckt und die Doka den H\u00fcgel hochschie\u00dft, doch meine Augen bleiben trotzdem zu. Erst als die Doka hart auf dem Boden aufsetzt \u00f6ffne ich vorsichtig die Augen und sehe das vor uns zwei v\u00f6llig verschreckte Leute stehen, wo kommen die denn her?<\/p>\n<p>Papa und Jane fangen schallend an zu lachen, doch ich wei\u00df \u00fcberhaupt nicht warum, also frage ich mal nach, schlie\u00dflich will ich auch mitlachen!<\/p>\n<p>Papas Erkl\u00e4rung ist simpel: \u201eDie beiden Radfahrer, die da stehen, haben eben ihre Fahrr\u00e4der den H\u00fcgel hoch geschoben, w\u00e4hrend wir langsam immer n\u00e4her auf sie zu gefahren sind. Sie haben sich st\u00e4ndig umgedreht und uns verwirrt und fragend angesehen. Als sie endlich oben angekommen waren, habe ich Gas gegeben. In diesem Moment schossen beide nach links und rechts weg.\u201c endete Papa seine Erz\u00e4hlung mit lauten Lachen. Ich erwiderte nur sadistisch grinsend: \u201eWar bestimmt interessant, die Doka von unten zu sehen! Es hat bestimmt spektakul\u00e4r ausgesehen, s\u00e4mtliche Getriebe und andere Sachen von unten zu sehen\u201c.<\/p>\n<p><a href=\"http:\/\/www.ruedi-t3.de\/wordpress\/wp-content\/uploads\/2010\/06\/AUT_0851.jpg\"><img loading=\"lazy\" class=\"alignnone size-thumbnail wp-image-52\" title=\"AUT_0851\" src=\"http:\/\/www.ruedi-t3.de\/wordpress\/wp-content\/uploads\/2010\/06\/AUT_0851-150x150.jpg\" alt=\"\" width=\"150\" height=\"150\" \/><\/a>Der Junge und das M\u00e4dchen weichen nochmal 10 Schritte zur\u00fcck, als Papa sich auf den R\u00fcckweck nach Hause macht.<\/p>\n<p>So endet ein toller Tag mit einem wirklich grandiosen Abschluss\u2026.<\/p>\n<p>Ich habe schon so viel mit der Doka und dem Bus erlebt und m\u00f6chte keine der beiden mehr missen. Und ich bin Papa wirklich dankbar, dass er bis heute die Geduld aufbringt, mir Sachen zu erkl\u00e4ren, die f\u00fcr ihn v\u00f6llig verst\u00e4ndlich, f\u00fcr mich aber nur ein R\u00e4tsel sind. Aber auf der anderen Seite muss ich mit ihm schimpfen, denn ich bin v\u00f6llig s\u00fcchtig nach T3s \u2013 Papa, daran bist nur du schuld!!!!!!<\/p>\n<p>Ich hoffe, dass ich noch eine Menge mit den Bussen, den Syncros und den Dokas erleben werde und verabschiede mich erstmal hiermit\u2026<\/p>\n<p>Copyright by Klette 2008\/09<\/p>\n<p>Alias Clara<br \/>\nTochter von R\u00fcdi14<em> <\/em><\/p>\n","protected":false},"excerpt":{"rendered":"<p>Papa ,du bist peinlich \u2013Geschichten einer 14-j\u00e4hrigen, deren Vater ein VW Busfahrer ist &nbsp; &nbsp; In meinem Alter ist alles peinlich, was die Erwachsenen machen, doch am schlimmsten ist mein Papa, der ist wirklich peinlich. Immer habe ich das Gef\u00fchl, das neben mir ein kleiner Junge steht und nicht ein erwachsener Mann. Er ist einfach [&hellip;]<\/p>\n","protected":false},"author":1,"featured_media":0,"comment_status":"closed","ping_status":"open","sticky":false,"template":"","format":"standard","meta":[],"categories":[6],"tags":[],"_links":{"self":[{"href":"https:\/\/www.ruedi-t3.de\/index.php?rest_route=\/wp\/v2\/posts\/46"}],"collection":[{"href":"https:\/\/www.ruedi-t3.de\/index.php?rest_route=\/wp\/v2\/posts"}],"about":[{"href":"https:\/\/www.ruedi-t3.de\/index.php?rest_route=\/wp\/v2\/types\/post"}],"author":[{"embeddable":true,"href":"https:\/\/www.ruedi-t3.de\/index.php?rest_route=\/wp\/v2\/users\/1"}],"replies":[{"embeddable":true,"href":"https:\/\/www.ruedi-t3.de\/index.php?rest_route=%2Fwp%2Fv2%2Fcomments&post=46"}],"version-history":[{"count":11,"href":"https:\/\/www.ruedi-t3.de\/index.php?rest_route=\/wp\/v2\/posts\/46\/revisions"}],"predecessor-version":[{"id":727,"href":"https:\/\/www.ruedi-t3.de\/index.php?rest_route=\/wp\/v2\/posts\/46\/revisions\/727"}],"wp:attachment":[{"href":"https:\/\/www.ruedi-t3.de\/index.php?rest_route=%2Fwp%2Fv2%2Fmedia&parent=46"}],"wp:term":[{"taxonomy":"category","embeddable":true,"href":"https:\/\/www.ruedi-t3.de\/index.php?rest_route=%2Fwp%2Fv2%2Fcategories&post=46"},{"taxonomy":"post_tag","embeddable":true,"href":"https:\/\/www.ruedi-t3.de\/index.php?rest_route=%2Fwp%2Fv2%2Ftags&post=46"}],"curies":[{"name":"wp","href":"https:\/\/api.w.org\/{rel}","templated":true}]}}